{"id":11741,"date":"2025-07-23T07:46:21","date_gmt":"2025-07-23T07:46:21","guid":{"rendered":"https:\/\/lanochedelpatrimonio.com\/la-noche-del-patrimonio-en-santiago\/"},"modified":"2025-09-13T07:09:45","modified_gmt":"2025-09-13T07:09:45","slug":"la-noche-del-patrimonio-en-santiago","status":"publish","type":"post","link":"https:\/\/lanochedelpatrimonio.com\/en\/la-noche-del-patrimonio-en-santiago\/","title":{"rendered":"THE HERITAGE NIGHT IN SANTIAGO DE COMPOSTELA"},"content":{"rendered":"<p><div class=\"fusion-fullwidth fullwidth-box fusion-builder-row-1 nonhundred-percent-fullwidth non-hundred-percent-height-scrolling\" style=\"--awb-border-radius-top-left:0px;--awb-border-radius-top-right:0px;--awb-border-radius-bottom-right:0px;--awb-border-radius-bottom-left:0px;--awb-padding-right:0px;--awb-padding-left:0px;--awb-flex-wrap:wrap;\" ><div class=\"fusion-builder-row fusion-row\"><div class=\"fusion-layout-column fusion_builder_column fusion-builder-column-0 fusion_builder_column_1_1 1_1 fusion-one-full fusion-column-first fusion-column-last\" style=\"--awb-padding-right:0px;--awb-padding-left:0px;--awb-bg-size:cover;\"><div class=\"fusion-column-wrapper fusion-column-has-shadow fusion-flex-column-wrapper-legacy\"><div class=\"fusion-builder-row fusion-builder-row-inner fusion-row\"><div class=\"fusion-layout-column fusion_builder_column_inner fusion-builder-nested-column-0 fusion_builder_column_inner_1_1 1_1 fusion-one-full fusion-column-first fusion-column-last fusion-column-no-min-height\" style=\"--awb-padding-top:35px;--awb-padding-right:15px;--awb-padding-bottom:15px;--awb-padding-left:15px;--awb-bg-image:url(&#039;https:\/\/lanochedelpatrimonio.com\/wp-content\/uploads\/2024\/07\/fondo.png&#039;);--awb-bg-size:cover;--awb-border-color:rgba(115,139,167,0.22);--awb-border-top:0;--awb-border-right:0;--awb-border-bottom:0;--awb-border-left:0;--awb-border-style:solid;--awb-margin-bottom:0px;\"><div class=\"fusion-column-wrapper fusion-column-has-shadow fusion-flex-column-wrapper-legacy fusion-column-has-bg-image\" data-bg-url=\"https:\/\/lanochedelpatrimonio.com\/wp-content\/uploads\/2024\/07\/fondo.png\"><div class=\"fusion-title title fusion-title-1 fusion-title-center fusion-title-text fusion-title-size-one\" style=\"--awb-text-color:#ffffff;--awb-font-size:50px;\"><div class=\"title-sep-container title-sep-container-left\"><div class=\"title-sep sep- sep-solid\" style=\"border-color:#e2e2e2;\"><\/div><\/div><span class=\"awb-title-spacer\"><\/span><h1 class=\"fusion-title-heading title-heading-center fusion-responsive-typography-calculated\" style=\"margin:0;font-size:1em;--fontSize:50;line-height:1.2;\">SANTIAGO DE COMPOSTELA<\/h1><span class=\"awb-title-spacer\"><\/span><div class=\"title-sep-container title-sep-container-right\"><div class=\"title-sep sep- sep-solid\" style=\"border-color:#e2e2e2;\"><\/div><\/div><\/div><div class=\"fusion-clearfix\"><\/div><\/div><\/div><\/div><div class=\"fusion-video fusion-youtube\" style=\"--awb-max-width:1400px;--awb-max-height:788px;\"><div class=\"video-shortcode\"><div class=\"fluid-width-video-wrapper\" style=\"padding-top:56.29%;\" ><iframe title=\"YouTube video player 1\" src=\"https:\/\/www.youtube.com\/embed\/wwJNtPz1ijg?wmode=transparent&autoplay=0&oida=1\" width=\"1400\" height=\"788\" allowfullscreen allow=\"autoplay; clipboard-write; encrypted-media; gyroscope; picture-in-picture;\"><\/iframe><\/div><\/div><\/div><div class=\"fusion-sep-clear\"><\/div><div class=\"fusion-separator fusion-full-width-sep\" style=\"margin-left: auto;margin-right: auto;margin-top:60px;margin-bottom:20px;width:100%;\"><\/div><div class=\"fusion-sep-clear\"><\/div><div class=\"fusion-builder-row fusion-builder-row-inner fusion-row\"><div class=\"fusion-layout-column fusion_builder_column_inner fusion-builder-nested-column-1 fusion_builder_column_inner_1_2 1_2 fusion-one-half fusion-column-first fusion-column-no-min-height\" style=\"--awb-padding-top:15px;--awb-padding-right:15px;--awb-padding-bottom:15px;--awb-padding-left:15px;--awb-bg-size:cover;--awb-border-color:rgba(115,139,167,0.22);--awb-border-top:0;--awb-border-right:0;--awb-border-bottom:0;--awb-border-left:0;--awb-border-style:solid;--awb-margin-top:20px;width:50%;width:calc(50% - ( ( 4% ) * 0.5 ) );margin-right: 4%;\"><div class=\"fusion-column-wrapper fusion-column-has-shadow fusion-flex-column-wrapper-legacy\"><div class=\"fusion-title title fusion-title-2 fusion-title-text fusion-title-size-one\" style=\"--awb-text-color:#ee7047;--awb-font-size:50px;\"><h1 class=\"fusion-title-heading title-heading-left fusion-responsive-typography-calculated\" style=\"margin:0;font-size:1em;--fontSize:50;line-height:1.2;\">VIVE PATRIMONIO<\/h1><span class=\"awb-title-spacer\"><\/span><div class=\"title-sep-container\"><div class=\"title-sep sep- sep-solid\" style=\"border-color:#e2e2e2;\"><\/div><\/div><\/div><div class=\"fusion-image-element in-legacy-container\" style=\"--awb-caption-title-font-family:var(--h2_typography-font-family);--awb-caption-title-font-weight:var(--h2_typography-font-weight);--awb-caption-title-font-style:var(--h2_typography-font-style);--awb-caption-title-size:var(--h2_typography-font-size);--awb-caption-title-transform:var(--h2_typography-text-transform);--awb-caption-title-line-height:var(--h2_typography-line-height);--awb-caption-title-letter-spacing:var(--h2_typography-letter-spacing);\"><span class=\" fusion-imageframe imageframe-none imageframe-1 hover-type-none\"><a href=\"https:\/\/lanochedelpatrimonio.com\/wp-content\/uploads\/2024\/07\/santiago-3.jpg\" class=\"fusion-lightbox\" data-rel=\"iLightbox[912a45ef0484271efd5]\" data-title=\"santiago-3\" title=\"santiago-3\"><img decoding=\"async\" width=\"800\" height=\"579\" src=\"https:\/\/lanochedelpatrimonio.com\/wp-content\/uploads\/2024\/07\/santiago-3.jpg\" alt class=\"img-responsive wp-image-9746\" srcset=\"https:\/\/lanochedelpatrimonio.com\/wp-content\/uploads\/2024\/07\/santiago-3-200x145.jpg 200w, https:\/\/lanochedelpatrimonio.com\/wp-content\/uploads\/2024\/07\/santiago-3-400x290.jpg 400w, https:\/\/lanochedelpatrimonio.com\/wp-content\/uploads\/2024\/07\/santiago-3-600x434.jpg 600w, https:\/\/lanochedelpatrimonio.com\/wp-content\/uploads\/2024\/07\/santiago-3.jpg 800w\" sizes=\"(max-width: 800px) 100vw, 800px\" \/><\/a><\/span><\/div><div class=\"fusion-sep-clear\"><\/div><div class=\"fusion-separator fusion-full-width-sep\" style=\"margin-left: auto;margin-right: auto;margin-top:10px;margin-bottom:10px;width:100%;\"><\/div><div class=\"fusion-sep-clear\"><\/div><div class=\"fusion-sep-clear\"><\/div><div class=\"fusion-separator fusion-clearfix\" style=\"float:left;margin-top:10px;margin-bottom:10px;width:100%;max-width:30%;\"><div class=\"fusion-separator-border sep-single sep-solid\" style=\"--awb-height:20px;--awb-amount:20px;--awb-sep-color:#ee7047;border-color:#ee7047;border-top-width:3px;\"><\/div><\/div><div class=\"fusion-sep-clear\"><\/div><div class=\"fusion-text fusion-text-1\"><h2><span style=\"color: #ee7047;\">PATRIMONIO INMATERIAL<\/span><\/h2>\n<\/div><div class=\"fusion-sep-clear\"><\/div><div class=\"fusion-separator fusion-clearfix\" style=\"float:left;margin-top:10px;margin-bottom:10px;width:100%;max-width:30%;\"><div class=\"fusion-separator-border sep-single sep-solid\" style=\"--awb-height:20px;--awb-amount:20px;--awb-sep-color:#ee7047;border-color:#ee7047;border-top-width:3px;\"><\/div><\/div><div class=\"fusion-sep-clear\"><\/div><div class=\"fusion-text fusion-text-2\"><p><b>SUSI GESTO OURIVE<\/b><b><br \/>\n<\/b><span style=\"font-weight: 400;\"><br \/>\n<\/span><span style=\"font-weight: 400;\">Taller de joyer\u00eda \u2013 Susi Gesto<\/span><\/p>\n<p><span style=\"font-weight: 400;\">Obrador para la creaci\u00f3n de unha joya colectiva de mano de la orfebre Susi Gesto<\/span><\/p>\n<ul>\n<li style=\"font-weight: 400;\" aria-level=\"1\"><span style=\"font-weight: 400;\">Horario: de 21.00 a 23.30 h<\/span><\/li>\n<li style=\"font-weight: 400;\" aria-level=\"1\"><span style=\"font-weight: 400;\">Aforo: inscripci\u00f3n en susigestoobradoiros@gmail.com<\/span><\/li>\n<li style=\"font-weight: 400;\" aria-level=\"1\"><span style=\"font-weight: 400;\">Localizaci\u00f3n: Praza da Algalia de abaixo, 9<\/span><\/li>\n<\/ul>\n<\/div><div class=\"fusion-sep-clear\"><\/div><div class=\"fusion-separator fusion-clearfix\" style=\"float:left;margin-top:10px;margin-bottom:10px;width:100%;max-width:30%;\"><div class=\"fusion-separator-border sep-single sep-solid\" style=\"--awb-height:20px;--awb-amount:20px;--awb-sep-color:#ee7047;border-color:#ee7047;border-top-width:3px;\"><\/div><\/div><div class=\"fusion-sep-clear\"><\/div><div class=\"fusion-text fusion-text-3\"><h2><span style=\"color: #ee7047;\">VISITAS GUIADAS<\/span><\/h2>\n<\/div><div class=\"fusion-sep-clear\"><\/div><div class=\"fusion-separator fusion-clearfix\" style=\"float:left;margin-top:10px;margin-bottom:10px;width:100%;max-width:30%;\"><div class=\"fusion-separator-border sep-single sep-solid\" style=\"--awb-height:20px;--awb-amount:20px;--awb-sep-color:#ee7047;border-color:#ee7047;border-top-width:3px;\"><\/div><\/div><div class=\"fusion-sep-clear\"><\/div><div class=\"fusion-text fusion-text-4\"><p><b><i>Tras a pegada das musas<\/i><\/b><span style=\"font-weight: 400;\"> por<\/span><b> Mar\u00eda Eiras<\/b><span style=\"font-weight: 400;\">\u00a0<\/span><\/p>\n<p><span style=\"font-weight: 400;\">En esta muestra organizada por el Consorcio de Santiago, Mareiras reflexiona sobre el papel de la mujer como creadora<\/span><\/p>\n<ul>\n<li style=\"font-weight: 400;\" aria-level=\"1\"><span style=\"font-weight: 400;\">Horario: 21.00 horas<\/span><\/li>\n<li style=\"font-weight: 400;\" aria-level=\"1\"><span style=\"font-weight: 400;\">Aforo: Acceso libre<\/span><\/li>\n<li style=\"font-weight: 400;\" aria-level=\"1\"><span style=\"font-weight: 400;\">Localizaci\u00f3n: salida del Mar\u00eda Eiras Espazo de Arte, localizado en r\u00faa do Preguntorio, 9.<\/span><\/li>\n<li style=\"font-weight: 400;\" aria-level=\"1\"><span style=\"font-weight: 400;\">Duraci\u00f3n: 45 min<\/span><\/li>\n<\/ul>\n<ul>\n<li style=\"font-weight: 400;\" aria-level=\"1\"><span style=\"font-weight: 400;\">Horario: 22.00 horas<\/span><\/li>\n<li style=\"font-weight: 400;\" aria-level=\"1\"><span style=\"font-weight: 400;\">Aforo: Entrada libre<\/span><\/li>\n<li style=\"font-weight: 400;\" aria-level=\"1\"><span style=\"font-weight: 400;\">Localizaci\u00f3n: salida de la Casa do Cabido, praza das Prater\u00edas<\/span><\/li>\n<li style=\"font-weight: 400;\" aria-level=\"1\"><span style=\"font-weight: 400;\">Duraci\u00f3n: 45 min<\/span><\/li>\n<\/ul>\n<p><b>Igrexa de San Marti\u00f1o Pinario<\/b><\/p>\n<p><span style=\"font-weight: 400;\">La Noche del Patrimonio abre en primicia la nueva musealizaci\u00f3n de esta ic\u00f3nica iglesia de la ciudad, que pronto ser\u00e1 parte del nuevo Museo Diocesano.<\/span><\/p>\n<ul>\n<li style=\"font-weight: 400;\" aria-level=\"1\"><span style=\"font-weight: 400;\">Horario: de 21.00 a 23.00 h | Cada 30 min<\/span><\/li>\n<li style=\"font-weight: 400;\" aria-level=\"1\"><span style=\"font-weight: 400;\">Aforo: Entrada libre<\/span><\/li>\n<li style=\"font-weight: 400;\" aria-level=\"1\"><span style=\"font-weight: 400;\">Localizaci\u00f3n: Praza de San Marti\u00f1o Pinario<\/span><\/li>\n<li style=\"font-weight: 400;\" aria-level=\"1\"><span style=\"font-weight: 400;\">Duraci\u00f3n: 45 min<\/span><\/li>\n<\/ul>\n<\/div><div class=\"fusion-clearfix\"><\/div><\/div><\/div><div class=\"fusion-layout-column fusion_builder_column_inner fusion-builder-nested-column-2 fusion_builder_column_inner_1_2 1_2 fusion-one-half fusion-column-last fusion-column-no-min-height\" style=\"--awb-padding-top:15px;--awb-padding-right:15px;--awb-padding-bottom:15px;--awb-padding-left:15px;--awb-bg-size:cover;--awb-border-color:rgba(115,139,167,0.22);--awb-border-top:0;--awb-border-right:0;--awb-border-bottom:0;--awb-border-left:0;--awb-border-style:solid;--awb-margin-top:20px;width:50%;width:calc(50% - ( ( 4% ) * 0.5 ) );\"><div class=\"fusion-column-wrapper fusion-column-has-shadow fusion-flex-column-wrapper-legacy\"><div class=\"fusion-title title fusion-title-3 fusion-title-text fusion-title-size-one\" style=\"--awb-text-color:#ce376c;--awb-font-size:50px;\"><h1 class=\"fusion-title-heading title-heading-left fusion-responsive-typography-calculated\" style=\"margin:0;font-size:1em;--fontSize:50;line-height:1.2;\"><span style=\"color: #b3077f;\">ABIERTO PATRIMONIO<\/span><\/h1><span class=\"awb-title-spacer\"><\/span><div class=\"title-sep-container\"><div class=\"title-sep sep- sep-solid\" style=\"border-color:#e2e2e2;\"><\/div><\/div><\/div><div class=\"fusion-image-element in-legacy-container\" style=\"--awb-caption-title-font-family:var(--h2_typography-font-family);--awb-caption-title-font-weight:var(--h2_typography-font-weight);--awb-caption-title-font-style:var(--h2_typography-font-style);--awb-caption-title-size:var(--h2_typography-font-size);--awb-caption-title-transform:var(--h2_typography-text-transform);--awb-caption-title-line-height:var(--h2_typography-line-height);--awb-caption-title-letter-spacing:var(--h2_typography-letter-spacing);\"><span class=\" fusion-imageframe imageframe-none imageframe-2 hover-type-none\"><a href=\"https:\/\/lanochedelpatrimonio.com\/wp-content\/uploads\/2024\/07\/santiago-2.jpg\" class=\"fusion-lightbox\" data-rel=\"iLightbox[b120e88b7db48058ae0]\" data-title=\"santiago-2\" title=\"santiago-2\"><img decoding=\"async\" width=\"800\" height=\"579\" src=\"https:\/\/lanochedelpatrimonio.com\/wp-content\/uploads\/2024\/07\/santiago-2.jpg\" alt class=\"img-responsive wp-image-9744\" srcset=\"https:\/\/lanochedelpatrimonio.com\/wp-content\/uploads\/2024\/07\/santiago-2-200x145.jpg 200w, https:\/\/lanochedelpatrimonio.com\/wp-content\/uploads\/2024\/07\/santiago-2-400x290.jpg 400w, https:\/\/lanochedelpatrimonio.com\/wp-content\/uploads\/2024\/07\/santiago-2-600x434.jpg 600w, https:\/\/lanochedelpatrimonio.com\/wp-content\/uploads\/2024\/07\/santiago-2.jpg 800w\" sizes=\"(max-width: 800px) 100vw, 800px\" \/><\/a><\/span><\/div><div class=\"fusion-sep-clear\"><\/div><div class=\"fusion-separator fusion-full-width-sep\" style=\"margin-left: auto;margin-right: auto;margin-top:10px;margin-bottom:10px;width:100%;\"><\/div><div class=\"fusion-sep-clear\"><\/div><div class=\"fusion-text fusion-text-5\"><p><b>Pazo de Xelm\u00edrez<\/b><\/p>\n<p><span style=\"font-weight: 400;\">El antiguo centro de poder en la Edad Media y residencia arzobispal hist\u00f3rica abre sus puertas para apreciar su impresionante Sal\u00f3n de Ceremonias y acceder a las exposiciones <\/span><i><span style=\"font-weight: 400;\">Tesoros de Compostela. El legado \u00c1ngel<\/span><\/i><span style=\"font-weight: 400;\"> y al <\/span><i><span style=\"font-weight: 400;\">Espazo Mestre Mateo<\/span><\/i><\/p>\n<ul>\n<li style=\"font-weight: 400;\" aria-level=\"1\"><span style=\"font-weight: 400;\">Horario: 21.00 &#8211; 23.30 h<\/span><\/li>\n<li style=\"font-weight: 400;\" aria-level=\"1\"><span style=\"font-weight: 400;\">Aforo: Entrada Libre<\/span><\/li>\n<li style=\"font-weight: 400;\" aria-level=\"1\"><span style=\"font-weight: 400;\">Localizaci\u00f3n: Praza do Obradoiro<\/span><\/li>\n<\/ul>\n<\/div><div class=\"fusion-sep-clear\"><\/div><div class=\"fusion-separator fusion-clearfix\" style=\"float:left;margin-top:10px;margin-bottom:10px;width:100%;max-width:30%;\"><div class=\"fusion-separator-border sep-single sep-solid\" style=\"--awb-height:20px;--awb-amount:20px;--awb-sep-color:#ce376c;border-color:#ce376c;border-top-width:3px;\"><\/div><\/div><div class=\"fusion-sep-clear\"><\/div><div class=\"fusion-text fusion-text-6\"><p><b>Pazo de Fonseca<\/b><\/p>\n<p><span style=\"font-weight: 400;\">El edificio renacentista permitir\u00e1 la visita nocturna a la muestra fotogr\u00e1fica de Augusto Pacheco, <\/span><i><span style=\"font-weight: 400;\">Mentindo con mestr\u00eda<\/span><\/i><span style=\"font-weight: 400;\">.<\/span><\/p>\n<ul>\n<li style=\"font-weight: 400;\" aria-level=\"1\"><span style=\"font-weight: 400;\">Horario: 21.00 &#8211; 23.30 h<\/span><\/li>\n<li style=\"font-weight: 400;\" aria-level=\"1\"><span style=\"font-weight: 400;\">Aforo: Entrada Libre<\/span><\/li>\n<li style=\"font-weight: 400;\" aria-level=\"1\"><span style=\"font-weight: 400;\">Localizaci\u00f3n: R\u00faa do Franco<\/span><\/li>\n<\/ul>\n<\/div><div class=\"fusion-sep-clear\"><\/div><div class=\"fusion-separator fusion-clearfix\" style=\"float:left;margin-top:10px;margin-bottom:10px;width:100%;max-width:30%;\"><div class=\"fusion-separator-border sep-single sep-solid\" style=\"--awb-height:20px;--awb-amount:20px;--awb-sep-color:#ce376c;border-color:#ce376c;border-top-width:3px;\"><\/div><\/div><div class=\"fusion-sep-clear\"><\/div><div class=\"fusion-text fusion-text-7\"><p><b>Igrexa de San Marti\u00f1o Pinario<\/b><\/p>\n<p><span style=\"font-weight: 400;\">La Noche del Patrimonio abre en primicia la nueva musealizaci\u00f3n de esta ic\u00f3nica iglesia de la ciudad, que pronto ser\u00e1 parte del nuevo Museo Diocesano.<\/span><\/p>\n<ul>\n<li style=\"font-weight: 400;\" aria-level=\"1\"><span style=\"font-weight: 400;\">Horario: 21.00 &#8211; 23.30 h<\/span><\/li>\n<li style=\"font-weight: 400;\" aria-level=\"1\"><span style=\"font-weight: 400;\">Aforo: Entrada Libre<\/span><\/li>\n<li style=\"font-weight: 400;\" aria-level=\"1\"><span style=\"font-weight: 400;\">Localizaci\u00f3n: Praza de San Marti\u00f1o Pinario<\/span><\/li>\n<\/ul>\n<\/div><div class=\"fusion-sep-clear\"><\/div><div class=\"fusion-separator fusion-clearfix\" style=\"float:left;margin-top:10px;margin-bottom:10px;width:100%;max-width:30%;\"><div class=\"fusion-separator-border sep-single sep-solid\" style=\"--awb-height:20px;--awb-amount:20px;--awb-sep-color:#ce376c;border-color:#ce376c;border-top-width:3px;\"><\/div><\/div><div class=\"fusion-sep-clear\"><\/div><div class=\"fusion-text fusion-text-8\"><p><b>Zona C\u00a0<\/b><\/p>\n<p><span style=\"font-weight: 400;\">Edificio barroco que fue sede del ayuntamiento de Santiago de Compostela y que ahora acoge el espacio multidisciplinar Zona C.\u00a0<\/span><\/p>\n<ul>\n<li style=\"font-weight: 400;\" aria-level=\"1\"><span style=\"font-weight: 400;\">Horario: 21.00 &#8211; 23.30 h<\/span><\/li>\n<li style=\"font-weight: 400;\" aria-level=\"1\"><span style=\"font-weight: 400;\">Aforo: Entrada Libre<\/span><\/li>\n<li style=\"font-weight: 400;\" aria-level=\"1\"><span style=\"font-weight: 400;\">Localizaci\u00f3n: Praza de Cervantes<\/span><\/li>\n<\/ul>\n<\/div><div class=\"fusion-sep-clear\"><\/div><div class=\"fusion-separator fusion-clearfix\" style=\"float:left;margin-top:10px;margin-bottom:10px;width:100%;max-width:30%;\"><div class=\"fusion-separator-border sep-single sep-solid\" style=\"--awb-height:20px;--awb-amount:20px;--awb-sep-color:#ce376c;border-color:#ce376c;border-top-width:3px;\"><\/div><\/div><div class=\"fusion-sep-clear\"><\/div><div class=\"fusion-text fusion-text-9\"><p><b>Casa do Cabido<\/b><\/p>\n<p><span style=\"font-weight: 400;\">Con acceso a la exposici\u00f3n <\/span><i><span style=\"font-weight: 400;\">Tras a pegada das musas,<\/span><\/i><span style=\"font-weight: 400;\"> de Mar\u00eda Eiras<\/span><\/p>\n<ul>\n<li style=\"font-weight: 400;\" aria-level=\"1\"><span style=\"font-weight: 400;\">Horario: 21.00 &#8211; 23.30 h<\/span><\/li>\n<li style=\"font-weight: 400;\" aria-level=\"1\"><span style=\"font-weight: 400;\">Aforo: Entrada Libre<\/span><\/li>\n<li style=\"font-weight: 400;\" aria-level=\"1\"><span style=\"font-weight: 400;\">Localizaci\u00f3n: Praza das Prater\u00edas<\/span><\/li>\n<\/ul>\n<\/div><div class=\"fusion-sep-clear\"><\/div><div class=\"fusion-separator fusion-clearfix\" style=\"float:left;margin-top:10px;margin-bottom:10px;width:100%;max-width:30%;\"><div class=\"fusion-separator-border sep-single sep-solid\" style=\"--awb-height:20px;--awb-amount:20px;--awb-sep-color:#ce376c;border-color:#ce376c;border-top-width:3px;\"><\/div><\/div><div class=\"fusion-sep-clear\"><\/div><div class=\"fusion-text fusion-text-10\"><h2><span style=\"color: #ce376c;\">OTROS ESPACIOS VISITABLES<\/span><\/h2>\n<\/div><div class=\"fusion-sep-clear\"><\/div><div class=\"fusion-separator fusion-clearfix\" style=\"float:left;margin-top:10px;margin-bottom:10px;width:100%;max-width:30%;\"><div class=\"fusion-separator-border sep-single sep-solid\" style=\"--awb-height:20px;--awb-amount:20px;--awb-sep-color:#ce376c;border-color:#ce376c;border-top-width:3px;\"><\/div><\/div><div class=\"fusion-sep-clear\"><\/div><div class=\"fusion-text fusion-text-11\"><p><b>Galer\u00eda Patio de Luz<\/b><\/p>\n<ul>\n<li style=\"font-weight: 400;\" aria-level=\"1\"><span style=\"font-weight: 400;\">Horario: 21.00 &#8211; 23.30 h<\/span><\/li>\n<li style=\"font-weight: 400;\" aria-level=\"1\"><span style=\"font-weight: 400;\">Aforo: Entrada Libre<\/span><\/li>\n<li style=\"font-weight: 400;\" aria-level=\"1\"><span style=\"font-weight: 400;\">Localizaci\u00f3n: R\u00faa da Caldeirer\u00eda, 38<\/span><\/li>\n<\/ul>\n<\/div><div class=\"fusion-sep-clear\"><\/div><div class=\"fusion-separator fusion-clearfix\" style=\"float:left;margin-top:10px;margin-bottom:10px;width:100%;max-width:30%;\"><div class=\"fusion-separator-border sep-single sep-solid\" style=\"--awb-height:20px;--awb-amount:20px;--awb-sep-color:#ce376c;border-color:#ce376c;border-top-width:3px;\"><\/div><\/div><div class=\"fusion-sep-clear\"><\/div><div class=\"fusion-text fusion-text-12\"><p><b>Kinga Haudek \u2013 Joyer\u00eda Art\u00edstica<\/b><\/p>\n<ul>\n<li style=\"font-weight: 400;\" aria-level=\"1\"><span style=\"font-weight: 400;\">Horario: 21.00 &#8211; 23.30 h<\/span><\/li>\n<li style=\"font-weight: 400;\" aria-level=\"1\"><span style=\"font-weight: 400;\">Aforo: Entrada Libre<\/span><\/li>\n<li style=\"font-weight: 400;\" aria-level=\"1\"><span style=\"font-weight: 400;\">Localizaci\u00f3n: r\u00faa de San Pedro, 83<\/span><\/li>\n<\/ul>\n<\/div><div class=\"fusion-sep-clear\"><\/div><div class=\"fusion-separator fusion-clearfix\" style=\"float:left;margin-top:10px;margin-bottom:10px;width:100%;max-width:30%;\"><div class=\"fusion-separator-border sep-single sep-solid\" style=\"--awb-height:20px;--awb-amount:20px;--awb-sep-color:#ce376c;border-color:#ce376c;border-top-width:3px;\"><\/div><\/div><div class=\"fusion-sep-clear\"><\/div><div class=\"fusion-text fusion-text-13\"><p><b>Susi Gesto Ourive<\/b><\/p>\n<ul>\n<li style=\"font-weight: 400;\" aria-level=\"1\"><span style=\"font-weight: 400;\">Horario: 21.00 &#8211; 23.30 h<\/span><\/li>\n<li style=\"font-weight: 400;\" aria-level=\"1\"><span style=\"font-weight: 400;\">Aforo: Entrada Libre<\/span><\/li>\n<li style=\"font-weight: 400;\" aria-level=\"1\"><span style=\"font-weight: 400;\">Localizaci\u00f3n: Praza da Algalia de Abaixo, 9<\/span><\/li>\n<\/ul>\n<\/div><div class=\"fusion-sep-clear\"><\/div><div class=\"fusion-separator fusion-clearfix\" style=\"float:left;margin-top:10px;margin-bottom:10px;width:100%;max-width:30%;\"><div class=\"fusion-separator-border sep-single sep-solid\" style=\"--awb-height:20px;--awb-amount:20px;--awb-sep-color:#ce376c;border-color:#ce376c;border-top-width:3px;\"><\/div><\/div><div class=\"fusion-sep-clear\"><\/div><div class=\"fusion-title title fusion-title-4 fusion-title-text fusion-title-size-one\" style=\"--awb-text-color:#ce376c;--awb-font-size:50px;\"><h1 class=\"fusion-title-heading title-heading-left fusion-responsive-typography-calculated\" style=\"margin:0;font-size:1em;--fontSize:50;line-height:1.2;\"><span style=\"color: #593f79;\">ESCENA PATRIMONIO<\/span><\/h1><span class=\"awb-title-spacer\"><\/span><div class=\"title-sep-container\"><div class=\"title-sep sep- sep-solid\" style=\"border-color:#e2e2e2;\"><\/div><\/div><\/div><div class=\"fusion-image-element in-legacy-container\" style=\"--awb-margin-bottom:4%;--awb-caption-title-font-family:var(--h2_typography-font-family);--awb-caption-title-font-weight:var(--h2_typography-font-weight);--awb-caption-title-font-style:var(--h2_typography-font-style);--awb-caption-title-size:var(--h2_typography-font-size);--awb-caption-title-transform:var(--h2_typography-text-transform);--awb-caption-title-line-height:var(--h2_typography-line-height);--awb-caption-title-letter-spacing:var(--h2_typography-letter-spacing);\"><span class=\" fusion-imageframe imageframe-none imageframe-3 hover-type-none\"><a class=\"fusion-no-lightbox\" href=\"https:\/\/lanochedelpatrimonio.com\/santiago-de-compostela-lorena-nogal\/\" target=\"_self\" aria-label=\"lorena-nogal2\"><img decoding=\"async\" width=\"1400\" height=\"777\" src=\"https:\/\/lanochedelpatrimonio.com\/wp-content\/uploads\/2025\/07\/lorena-nogal2.webp\" alt class=\"img-responsive wp-image-12127\" srcset=\"https:\/\/lanochedelpatrimonio.com\/wp-content\/uploads\/2025\/07\/lorena-nogal2-200x111.webp 200w, https:\/\/lanochedelpatrimonio.com\/wp-content\/uploads\/2025\/07\/lorena-nogal2-300x167.webp 300w, https:\/\/lanochedelpatrimonio.com\/wp-content\/uploads\/2025\/07\/lorena-nogal2-400x222.webp 400w, https:\/\/lanochedelpatrimonio.com\/wp-content\/uploads\/2025\/07\/lorena-nogal2-600x333.webp 600w, https:\/\/lanochedelpatrimonio.com\/wp-content\/uploads\/2025\/07\/lorena-nogal2-768x426.webp 768w, https:\/\/lanochedelpatrimonio.com\/wp-content\/uploads\/2025\/07\/lorena-nogal2-800x444.webp 800w, https:\/\/lanochedelpatrimonio.com\/wp-content\/uploads\/2025\/07\/lorena-nogal2-1024x568.webp 1024w, https:\/\/lanochedelpatrimonio.com\/wp-content\/uploads\/2025\/07\/lorena-nogal2-1200x666.webp 1200w, https:\/\/lanochedelpatrimonio.com\/wp-content\/uploads\/2025\/07\/lorena-nogal2.webp 1400w\" sizes=\"(max-width: 800px) 100vw, 800px\" \/><\/a><\/span><\/div><div class=\"fusion-text fusion-text-14\"><p><strong>MUSEO DEL PUEBLO GALLEGO<\/strong><\/p>\n<p><strong>LORENA NOGAL. \u00abPICASSA\u00bb<\/strong><\/p>\n<ul>\n<li>ESTRENO ESCENA PATRIMONIO 2025<\/li>\n<li>Duraci\u00f3n: 40 minutos<\/li>\n<li>Horario: Dos pases: 18:30 y 20:30 h.<\/li>\n<li>Entrada libre hasta completar el aforo<\/li>\n<\/ul>\n<\/div><div class=\"fusion-clearfix\"><\/div><\/div><\/div><\/div><div class=\"fusion-sep-clear\"><\/div><div class=\"fusion-separator fusion-full-width-sep\" style=\"margin-left: auto;margin-right: auto;margin-top:60px;margin-bottom:20px;width:100%;\"><\/div><div class=\"fusion-sep-clear\"><\/div><div class=\"fusion-title title fusion-title-5 fusion-title-text fusion-title-size-one\"><h1 class=\"fusion-title-heading title-heading-left fusion-responsive-typography-calculated\" style=\"margin:0;--fontSize:30;line-height:1.2;\"><img decoding=\"async\" class=\"alignnone wp-image-10521\" src=\"https:\/\/lanochedelpatrimonio.com\/wp-content\/uploads\/2024\/09\/logo-lectura-facil.jpg\" alt=\"\" width=\"41\" height=\"41\" srcset=\"https:\/\/lanochedelpatrimonio.com\/wp-content\/uploads\/2024\/09\/logo-lectura-facil-66x66.jpg 66w, https:\/\/lanochedelpatrimonio.com\/wp-content\/uploads\/2024\/09\/logo-lectura-facil-150x150.jpg 150w, https:\/\/lanochedelpatrimonio.com\/wp-content\/uploads\/2024\/09\/logo-lectura-facil-200x201.jpg 200w, https:\/\/lanochedelpatrimonio.com\/wp-content\/uploads\/2024\/09\/logo-lectura-facil.jpg 260w\" sizes=\"(max-width: 41px) 100vw, 41px\" \/>\u00a0 <a href=\"https:\/\/lanochedelpatrimonio.com\/wp-content\/uploads\/2025\/09\/Noche-del-Patrimonio_LF_2025_Santiago-de-Compostela.pdf\" target=\"_blank\" rel=\"noopener\">Programa Lectura F\u00e1cil\u00a0<\/a><\/h1><span class=\"awb-title-spacer\"><\/span><div class=\"title-sep-container\"><div class=\"title-sep sep- sep-solid\" style=\"border-color:#e2e2e2;\"><\/div><\/div><\/div><div class=\"fusion-clearfix\"><\/div><\/div><\/div><\/div><\/div><div class=\"fusion-fullwidth fullwidth-box fusion-builder-row-2 fusion-flex-container has-pattern-background has-mask-background nonhundred-percent-fullwidth non-hundred-percent-height-scrolling\" style=\"--awb-border-radius-top-left:0px;--awb-border-radius-top-right:0px;--awb-border-radius-bottom-right:0px;--awb-border-radius-bottom-left:0px;--awb-flex-wrap:wrap;\" ><div class=\"fusion-builder-row fusion-row fusion-flex-align-items-flex-start fusion-flex-content-wrap\" style=\"max-width:1456px;margin-left: calc(-4% \/ 2 );margin-right: calc(-4% \/ 2 );\"><div class=\"fusion-layout-column fusion_builder_column fusion-builder-column-1 fusion_builder_column_1_1 1_1 fusion-flex-column\" style=\"--awb-bg-size:cover;--awb-width-large:100%;--awb-margin-top-large:0px;--awb-spacing-right-large:1.92%;--awb-margin-bottom-large:20px;--awb-spacing-left-large:1.92%;--awb-width-medium:100%;--awb-order-medium:0;--awb-spacing-right-medium:1.92%;--awb-spacing-left-medium:1.92%;--awb-width-small:100%;--awb-order-small:0;--awb-spacing-right-small:1.92%;--awb-spacing-left-small:1.92%;\"><div class=\"fusion-column-wrapper fusion-column-has-shadow fusion-flex-justify-content-flex-start fusion-content-layout-column\"><div class=\"fusion-title title fusion-title-6 fusion-title-text fusion-title-size-one\" style=\"--awb-text-color:#f39205;--awb-font-size:36px;\"><div class=\"title-sep-container title-sep-container-left fusion-no-large-visibility fusion-no-medium-visibility fusion-no-small-visibility\"><div class=\"title-sep sep- sep-solid\" style=\"border-color:#e2e2e2;\"><\/div><\/div><span class=\"awb-title-spacer fusion-no-large-visibility fusion-no-medium-visibility fusion-no-small-visibility\"><\/span><h1 class=\"fusion-title-heading title-heading-left fusion-responsive-typography-calculated\" style=\"font-family:&quot;Oswald&quot;;font-style:normal;font-weight:400;margin:0;font-size:1em;--fontSize:36;line-height:1.2;\">NO TE PIERDAS&#8230;<\/h1><span class=\"awb-title-spacer\"><\/span><div class=\"title-sep-container title-sep-container-right\"><div class=\"title-sep sep- sep-solid\" style=\"border-color:#e2e2e2;\"><\/div><\/div><\/div><div class=\"fusion-recent-posts fusion-recent-posts-1 avada-container layout-default layout-columns-2\" style=\"--h3_typography-font-size:30px;\"><section class=\"fusion-columns columns fusion-columns-2 columns-2\"><article class=\"post fusion-column column col col-lg-6 col-md-6 col-sm-6\"><div class=\"fusion-flexslider fusion-flexslider-loading flexslider flexslider-hover-type-none\"><ul class=\"slides\"><li><a href=\"https:\/\/lanochedelpatrimonio.com\/en\/santiago-de-compostela-lorena-nogal\/\" aria-label=\"LORENA NOGAL\" class=\"hover-type-none\"><img decoding=\"async\" width=\"700\" height=\"441\" src=\"https:\/\/lanochedelpatrimonio.com\/wp-content\/uploads\/2025\/07\/lorena-nogal2-700x441.webp\" class=\"attachment-recent-posts size-recent-posts\" alt=\"\" srcset=\"https:\/\/lanochedelpatrimonio.com\/wp-content\/uploads\/2025\/07\/lorena-nogal2-320x202.webp 320w, https:\/\/lanochedelpatrimonio.com\/wp-content\/uploads\/2025\/07\/lorena-nogal2-700x441.webp 700w\" sizes=\"(max-width: 700px) 100vw, 700px\" \/><\/a><\/li><\/ul><\/div><div class=\"recent-posts-content\"><span class=\"vcard\" style=\"display: none;\"><span class=\"fn\"><a href=\"https:\/\/lanochedelpatrimonio.com\/en\/author\/admin\/\" title=\"Posts by admin\" rel=\"author\">admin<\/a><\/span><\/span><span class=\"updated\" style=\"display:none;\">2025-09-11T10:11:20+00:00<\/span><h3 class=\"entry-title\"><a href=\"https:\/\/lanochedelpatrimonio.com\/en\/santiago-de-compostela-lorena-nogal\/\">LORENA NOGAL<\/a><\/h3><\/div><\/article><article class=\"post fusion-column column col col-lg-6 col-md-6 col-sm-6\"><div class=\"fusion-flexslider fusion-flexslider-loading flexslider flexslider-hover-type-none\"><ul class=\"slides\"><li><a href=\"https:\/\/lanochedelpatrimonio.com\/en\/la-noche-del-patrimonio-en-paradores\/\" aria-label=\"LA NOCHE DEL PATRIMONIO EN PARADORES\" class=\"hover-type-none\"><img decoding=\"async\" width=\"700\" height=\"441\" src=\"https:\/\/lanochedelpatrimonio.com\/wp-content\/uploads\/2025\/08\/paradores-700x441.webp\" class=\"attachment-recent-posts size-recent-posts\" alt=\"\" srcset=\"https:\/\/lanochedelpatrimonio.com\/wp-content\/uploads\/2025\/08\/paradores-320x202.webp 320w, https:\/\/lanochedelpatrimonio.com\/wp-content\/uploads\/2025\/08\/paradores-700x441.webp 700w\" sizes=\"(max-width: 700px) 100vw, 700px\" \/><\/a><\/li><\/ul><\/div><div class=\"recent-posts-content\"><span class=\"vcard\" style=\"display: none;\"><span class=\"fn\"><a href=\"https:\/\/lanochedelpatrimonio.com\/en\/author\/admin\/\" title=\"Posts by admin\" rel=\"author\">admin<\/a><\/span><\/span><span class=\"updated\" style=\"display:none;\">2025-09-11T15:15:51+00:00<\/span><h3 class=\"entry-title\"><a href=\"https:\/\/lanochedelpatrimonio.com\/en\/la-noche-del-patrimonio-en-paradores\/\">LA NOCHE DEL PATRIMONIO EN PARADORES<\/a><\/h3><\/div><\/article><\/section><\/div><\/div><\/div><\/div><\/div><div class=\"fusion-fullwidth fullwidth-box fusion-builder-row-3 nonhundred-percent-fullwidth non-hundred-percent-height-scrolling fusion-no-small-visibility\" style=\"--link_hover_color: #ffffff;--awb-background-position:center top;--awb-border-sizes-top:1px;--awb-border-sizes-bottom:1px;--awb-border-sizes-left:0px;--awb-border-sizes-right:0px;--awb-border-radius-top-left:0px;--awb-border-radius-top-right:0px;--awb-border-radius-bottom-right:0px;--awb-border-radius-bottom-left:0px;--awb-padding-top:80px;--awb-padding-bottom:80px;--awb-background-color:#ffffff;--awb-flex-wrap:wrap;\" id=\"home-logos\" ><div class=\"fusion-builder-row fusion-row\"><div class=\"fusion-layout-column fusion_builder_column fusion-builder-column-2 fusion_builder_column_1_1 1_1 fusion-one-full fusion-column-first fusion-column-last\" style=\"--awb-bg-size:cover;\"><div class=\"fusion-column-wrapper fusion-column-has-shadow fusion-flex-column-wrapper-legacy\"><div class=\"fusion-text fusion-text-15\"><h5>Organizan<\/h5>\n<\/div><div class=\"fusion-builder-row fusion-builder-row-inner fusion-row\"><div class=\"fusion-layout-column fusion_builder_column_inner fusion-builder-nested-column-3 fusion_builder_column_inner_1_3 1_3 fusion-one-third fusion-column-first\" style=\"--awb-bg-size:cover;width:33.333333333333%;width:calc(33.333333333333% - ( ( 4% + 4% ) * 0.33333333333333 ) );margin-right: 4%;\"><div class=\"fusion-column-wrapper fusion-column-has-shadow fusion-flex-column-wrapper-legacy\"><div class=\"fusion-image-element fusion-image-align-left in-legacy-container\" style=\"text-align:left;--awb-margin-top:30px;--awb-max-width:350px;--awb-caption-title-font-family:var(--h2_typography-font-family);--awb-caption-title-font-weight:var(--h2_typography-font-weight);--awb-caption-title-font-style:var(--h2_typography-font-style);--awb-caption-title-size:var(--h2_typography-font-size);--awb-caption-title-transform:var(--h2_typography-text-transform);--awb-caption-title-line-height:var(--h2_typography-line-height);--awb-caption-title-letter-spacing:var(--h2_typography-letter-spacing);\"><span class=\" fusion-imageframe imageframe-none imageframe-4 hover-type-none\" style=\"margin-right:25px;float:left;\"><a class=\"fusion-no-lightbox\" href=\"https:\/\/ciudadespatrimonio.org\" target=\"_blank\" aria-label=\"gchpe3\" rel=\"noopener noreferrer\"><img decoding=\"async\" width=\"405\" height=\"134\" src=\"https:\/\/lanochedelpatrimonio.com\/wp-content\/uploads\/2020\/07\/gchpe3.png\" alt class=\"img-responsive wp-image-7553\" srcset=\"https:\/\/lanochedelpatrimonio.com\/wp-content\/uploads\/2020\/07\/gchpe3-200x66.png 200w, https:\/\/lanochedelpatrimonio.com\/wp-content\/uploads\/2020\/07\/gchpe3-400x132.png 400w, https:\/\/lanochedelpatrimonio.com\/wp-content\/uploads\/2020\/07\/gchpe3.png 405w\" sizes=\"(max-width: 800px) 100vw, 405px\" \/><\/a><\/span><\/div><div class=\"fusion-clearfix\"><\/div><\/div><\/div><div class=\"fusion-layout-column fusion_builder_column_inner fusion-builder-nested-column-4 fusion_builder_column_inner_1_3 1_3 fusion-one-third\" style=\"--awb-padding-top:45px;--awb-bg-size:cover;width:33.333333333333%;width:calc(33.333333333333% - ( ( 4% + 4% ) * 0.33333333333333 ) );margin-right: 4%;\"><div class=\"fusion-column-wrapper fusion-column-has-shadow fusion-flex-column-wrapper-legacy\"><div class=\"fusion-image-element fusion-image-align-left in-legacy-container\" style=\"text-align:left;--awb-max-width:300px;--awb-caption-title-font-family:var(--h2_typography-font-family);--awb-caption-title-font-weight:var(--h2_typography-font-weight);--awb-caption-title-font-style:var(--h2_typography-font-style);--awb-caption-title-size:var(--h2_typography-font-size);--awb-caption-title-transform:var(--h2_typography-text-transform);--awb-caption-title-line-height:var(--h2_typography-line-height);--awb-caption-title-letter-spacing:var(--h2_typography-letter-spacing);\"><span class=\" fusion-imageframe imageframe-none imageframe-5 hover-type-none\" style=\"margin-right:25px;float:left;\"><a class=\"fusion-no-lightbox\" href=\"https:\/\/www.cultura.gob.es\/portada.html\" target=\"_blank\" aria-label=\"ministerio-de-cultura\" rel=\"noopener noreferrer\"><img decoding=\"async\" width=\"513\" height=\"167\" src=\"https:\/\/lanochedelpatrimonio.com\/wp-content\/uploads\/2024\/05\/ministerio-de-cultura.png\" alt class=\"img-responsive wp-image-9172\" srcset=\"https:\/\/lanochedelpatrimonio.com\/wp-content\/uploads\/2024\/05\/ministerio-de-cultura-200x65.png 200w, https:\/\/lanochedelpatrimonio.com\/wp-content\/uploads\/2024\/05\/ministerio-de-cultura-400x130.png 400w, https:\/\/lanochedelpatrimonio.com\/wp-content\/uploads\/2024\/05\/ministerio-de-cultura.png 513w\" sizes=\"(max-width: 800px) 100vw, 513px\" \/><\/a><\/span><\/div><div class=\"fusion-clearfix\"><\/div><\/div><\/div><div class=\"fusion-layout-column fusion_builder_column_inner fusion-builder-nested-column-5 fusion_builder_column_inner_1_3 1_3 fusion-one-third fusion-column-last\" style=\"--awb-bg-size:cover;width:33.333333333333%;width:calc(33.333333333333% - ( ( 4% + 4% ) * 0.33333333333333 ) );\" data-scroll-devices=\"small-visibility,medium-visibility,large-visibility\"><div class=\"fusion-column-wrapper fusion-column-has-shadow fusion-flex-column-wrapper-legacy\"><div class=\"fusion-image-element fusion-image-align-left in-legacy-container\" style=\"text-align:left;--awb-margin-bottom:70px;--awb-max-width:400px;--awb-caption-title-font-family:var(--h2_typography-font-family);--awb-caption-title-font-weight:var(--h2_typography-font-weight);--awb-caption-title-font-style:var(--h2_typography-font-style);--awb-caption-title-size:var(--h2_typography-font-size);--awb-caption-title-transform:var(--h2_typography-text-transform);--awb-caption-title-line-height:var(--h2_typography-line-height);--awb-caption-title-letter-spacing:var(--h2_typography-letter-spacing);\"><span class=\" fusion-imageframe imageframe-none imageframe-6 hover-type-none\" style=\"margin-right:25px;float:left;\"><a class=\"fusion-no-lightbox\" href=\"https:\/\/www.cultura.gob.es\/cultura\/artesescenicas\/portada.html\" target=\"_blank\" aria-label=\"inaem\" rel=\"noopener noreferrer\"><img decoding=\"async\" width=\"1980\" height=\"363\" src=\"https:\/\/lanochedelpatrimonio.com\/wp-content\/uploads\/2025\/07\/inaem-1.png\" alt class=\"img-responsive wp-image-11498\" srcset=\"https:\/\/lanochedelpatrimonio.com\/wp-content\/uploads\/2025\/07\/inaem-1-200x37.png 200w, https:\/\/lanochedelpatrimonio.com\/wp-content\/uploads\/2025\/07\/inaem-1-400x73.png 400w, https:\/\/lanochedelpatrimonio.com\/wp-content\/uploads\/2025\/07\/inaem-1-600x110.png 600w, https:\/\/lanochedelpatrimonio.com\/wp-content\/uploads\/2025\/07\/inaem-1-800x147.png 800w, https:\/\/lanochedelpatrimonio.com\/wp-content\/uploads\/2025\/07\/inaem-1-1200x220.png 1200w, https:\/\/lanochedelpatrimonio.com\/wp-content\/uploads\/2025\/07\/inaem-1.png 1980w\" sizes=\"(max-width: 800px) 100vw, 600px\" \/><\/a><\/span><\/div><div class=\"fusion-clearfix\"><\/div><\/div><\/div><\/div><div class=\"fusion-text fusion-text-16\"><h5>Con el apoyo de:<\/h5>\n<\/div><div class=\"fusion-builder-row fusion-builder-row-inner fusion-row\"><div class=\"fusion-layout-column fusion_builder_column_inner fusion-builder-nested-column-6 fusion_builder_column_inner_1_5 1_5 fusion-one-fifth fusion-column-first\" style=\"--awb-bg-size:cover;width:20%;width:calc(20% - ( ( 4% + 4% + 4% + 0px ) * 0.2 ) );margin-right: 4%;\"><div class=\"fusion-column-wrapper fusion-column-has-shadow fusion-flex-column-wrapper-legacy\"><div class=\"fusion-column-content-centered\"><div class=\"fusion-column-content\"><div class=\"fusion-image-element fusion-image-align-left in-legacy-container\" style=\"text-align:left;--awb-caption-title-font-family:var(--h2_typography-font-family);--awb-caption-title-font-weight:var(--h2_typography-font-weight);--awb-caption-title-font-style:var(--h2_typography-font-style);--awb-caption-title-size:var(--h2_typography-font-size);--awb-caption-title-transform:var(--h2_typography-text-transform);--awb-caption-title-line-height:var(--h2_typography-line-height);--awb-caption-title-letter-spacing:var(--h2_typography-letter-spacing);\"><span class=\" fusion-imageframe imageframe-none imageframe-7 hover-type-none\" style=\"margin-right:25px;float:left;\"><a class=\"fusion-no-lightbox\" href=\"https:\/\/iicmadrid.esteri.it\/es\/\" target=\"_blank\" aria-label=\"instiuto.italino.da.cultura\" rel=\"noopener noreferrer\"><img decoding=\"async\" width=\"125\" height=\"68\" src=\"https:\/\/lanochedelpatrimonio.com\/wp-content\/uploads\/2024\/07\/instiuto.italino.da_.cultura.png\" alt class=\"img-responsive wp-image-9386\"\/><\/a><\/span><\/div><\/div><\/div><div class=\"fusion-clearfix\"><\/div><\/div><\/div><div class=\"fusion-layout-column fusion_builder_column_inner fusion-builder-nested-column-7 fusion_builder_column_inner_1_5 1_5 fusion-one-fifth\" style=\"--awb-padding-bottom:60px;--awb-bg-size:cover;width:20%;width:calc(20% - ( ( 4% + 4% + 4% + 0px ) * 0.2 ) );margin-right: 4%;\"><div class=\"fusion-column-wrapper fusion-column-has-shadow fusion-flex-column-wrapper-legacy\"><div class=\"fusion-column-content-centered\"><div class=\"fusion-column-content\"><div class=\"fusion-image-element fusion-image-align-left in-legacy-container\" style=\"text-align:left;--awb-max-width:100px;--awb-caption-title-font-family:var(--h2_typography-font-family);--awb-caption-title-font-weight:var(--h2_typography-font-weight);--awb-caption-title-font-style:var(--h2_typography-font-style);--awb-caption-title-size:var(--h2_typography-font-size);--awb-caption-title-transform:var(--h2_typography-text-transform);--awb-caption-title-line-height:var(--h2_typography-line-height);--awb-caption-title-letter-spacing:var(--h2_typography-letter-spacing);\"><span class=\" fusion-imageframe imageframe-none imageframe-8 hover-type-none\" style=\"margin-right:25px;float:left;\"><a class=\"fusion-no-lightbox\" href=\"https:\/\/iicmadrid.esteri.it\/es\/\" target=\"_blank\" aria-label=\"tiempi-di-danza\" rel=\"noopener noreferrer\"><img decoding=\"async\" width=\"130\" height=\"95\" src=\"https:\/\/lanochedelpatrimonio.com\/wp-content\/uploads\/2025\/07\/tiempi-di-danza.png\" alt class=\"img-responsive wp-image-11062\"\/><\/a><\/span><\/div><\/div><\/div><div class=\"fusion-clearfix\"><\/div><\/div><\/div><div class=\"fusion-layout-column fusion_builder_column_inner fusion-builder-nested-column-8 fusion_builder_column_inner_1_5 1_5 fusion-one-fifth\" style=\"--awb-bg-size:cover;--awb-margin-top:5px;width:20%;width:calc(20% - ( ( 4% + 4% + 4% + 0px ) * 0.2 ) );margin-right: 4%;\"><div class=\"fusion-column-wrapper fusion-flex-column-wrapper-legacy\"><div class=\"fusion-image-element fusion-image-align-left in-legacy-container\" style=\"text-align:left;--awb-caption-title-font-family:var(--h2_typography-font-family);--awb-caption-title-font-weight:var(--h2_typography-font-weight);--awb-caption-title-font-style:var(--h2_typography-font-style);--awb-caption-title-size:var(--h2_typography-font-size);--awb-caption-title-transform:var(--h2_typography-text-transform);--awb-caption-title-line-height:var(--h2_typography-line-height);--awb-caption-title-letter-spacing:var(--h2_typography-letter-spacing);\"><span class=\" fusion-imageframe imageframe-none imageframe-9 hover-type-none\" style=\"margin-right:25px;float:left;\"><a class=\"fusion-no-lightbox\" href=\"https:\/\/www.goethe.de\/ins\/es\/es\/sta\/mad\/kur.html?gad_source=1&amp;gbraid=0AAAAAD5Tv3xwN58qL-7pWUILRKUn8M_HZ&amp;gclid=Cj0KCQjws560BhCuARIsAHMqE0E3yapoVuANSxQ5XWYUcI2h6SvJjRA6qDdjMyg_5J_QU7aGbMMjiKsaAgXHEALw_wcB\" target=\"_blank\" aria-label=\"goethe.institut\" rel=\"noopener noreferrer\"><img decoding=\"async\" width=\"137\" height=\"68\" src=\"https:\/\/lanochedelpatrimonio.com\/wp-content\/uploads\/2024\/07\/goethe.institut.png\" alt class=\"img-responsive wp-image-9382\"\/><\/a><\/span><\/div><div class=\"fusion-clearfix\"><\/div><\/div><\/div><div class=\"fusion-layout-column fusion_builder_column_inner fusion-builder-nested-column-9 fusion_builder_column_inner_1_5 1_5 fusion-one-fifth\" style=\"--awb-bg-size:cover;width:20%;width:calc(20% - ( ( 4% + 4% + 4% + 0px ) * 0.2 ) );margin-right: 0px;\"><div class=\"fusion-column-wrapper fusion-column-has-shadow fusion-flex-column-wrapper-legacy\"><div class=\"fusion-column-content-centered\"><div class=\"fusion-column-content\"><div class=\"fusion-image-element fusion-image-align-left in-legacy-container\" style=\"text-align:left;--awb-caption-title-font-family:var(--h2_typography-font-family);--awb-caption-title-font-weight:var(--h2_typography-font-weight);--awb-caption-title-font-style:var(--h2_typography-font-style);--awb-caption-title-size:var(--h2_typography-font-size);--awb-caption-title-transform:var(--h2_typography-text-transform);--awb-caption-title-line-height:var(--h2_typography-line-height);--awb-caption-title-letter-spacing:var(--h2_typography-letter-spacing);\"><span class=\" fusion-imageframe imageframe-none imageframe-10 hover-type-none\" style=\"margin-right:25px;float:left;\"><a class=\"fusion-no-lightbox\" href=\"https:\/\/www.llull.cat\" target=\"_blank\" aria-label=\"ramon.llul\" rel=\"noopener noreferrer\"><img decoding=\"async\" width=\"193\" height=\"42\" src=\"https:\/\/lanochedelpatrimonio.com\/wp-content\/uploads\/2024\/07\/ramon.llul_.png\" alt class=\"img-responsive wp-image-9388\"\/><\/a><\/span><\/div><\/div><\/div><div class=\"fusion-clearfix\"><\/div><\/div><\/div><div class=\"fusion-layout-column fusion_builder_column_inner fusion-builder-nested-column-10 fusion_builder_column_inner_1_5 1_5 fusion-one-fifth fusion-column-last\" style=\"--awb-bg-size:cover;width:20%;width:calc(20% - ( ( 4% + 4% + 4% + 0px ) * 0.2 ) );\"><div class=\"fusion-column-wrapper fusion-column-has-shadow fusion-flex-column-wrapper-legacy\"><div class=\"fusion-image-element fusion-image-align-left in-legacy-container\" style=\"text-align:left;--awb-max-width:300px;--awb-caption-title-font-family:var(--h2_typography-font-family);--awb-caption-title-font-weight:var(--h2_typography-font-weight);--awb-caption-title-font-style:var(--h2_typography-font-style);--awb-caption-title-size:var(--h2_typography-font-size);--awb-caption-title-transform:var(--h2_typography-text-transform);--awb-caption-title-line-height:var(--h2_typography-line-height);--awb-caption-title-letter-spacing:var(--h2_typography-letter-spacing);\"><span class=\" fusion-imageframe imageframe-none imageframe-11 hover-type-none\" style=\"margin-right:25px;float:left;\"><a class=\"fusion-no-lightbox\" href=\"http:\/\/www.iebalearics.org\/ca\/\" target=\"_blank\" aria-label=\"instituto.estudios.baleares\" rel=\"noopener noreferrer\"><img decoding=\"async\" width=\"252\" height=\"45\" src=\"https:\/\/lanochedelpatrimonio.com\/wp-content\/uploads\/2024\/07\/instituto.estudios.baleares.png\" alt class=\"img-responsive wp-image-9397\" srcset=\"https:\/\/lanochedelpatrimonio.com\/wp-content\/uploads\/2024\/07\/instituto.estudios.baleares-200x36.png 200w, https:\/\/lanochedelpatrimonio.com\/wp-content\/uploads\/2024\/07\/instituto.estudios.baleares.png 252w\" sizes=\"(max-width: 800px) 100vw, 252px\" \/><\/a><\/span><\/div><div class=\"fusion-clearfix\"><\/div><\/div><\/div><\/div><div class=\"fusion-text fusion-text-17\"><h5>Colaboran:<\/h5>\n<\/div><div class=\"fusion-builder-row fusion-builder-row-inner fusion-row\"><div class=\"fusion-layout-column fusion_builder_column_inner fusion-builder-nested-column-11 fusion_builder_column_inner_1_5 1_5 fusion-one-fifth fusion-column-first\" style=\"--awb-bg-size:cover;width:20%;width:calc(20% - ( ( 4% + 4% + 4% + 4% ) * 0.2 ) );margin-right: 4%;\"><div class=\"fusion-column-wrapper fusion-flex-column-wrapper-legacy\"><div class=\"fusion-image-element fusion-image-align-left in-legacy-container\" style=\"text-align:left;--awb-max-width:130px;--awb-caption-title-font-family:var(--h2_typography-font-family);--awb-caption-title-font-weight:var(--h2_typography-font-weight);--awb-caption-title-font-style:var(--h2_typography-font-style);--awb-caption-title-size:var(--h2_typography-font-size);--awb-caption-title-transform:var(--h2_typography-text-transform);--awb-caption-title-line-height:var(--h2_typography-line-height);--awb-caption-title-letter-spacing:var(--h2_typography-letter-spacing);\"><span class=\" fusion-imageframe imageframe-none imageframe-12 hover-type-none\" style=\"margin-right:25px;float:left;\"><a class=\"fusion-no-lightbox\" href=\"https:\/\/www.parador.es\/es\" target=\"_blank\" aria-label=\"logo\" rel=\"noopener noreferrer\"><img decoding=\"async\" width=\"202\" height=\"100\" src=\"https:\/\/lanochedelpatrimonio.com\/wp-content\/uploads\/2021\/09\/logo.png\" alt class=\"img-responsive wp-image-8022\" srcset=\"https:\/\/lanochedelpatrimonio.com\/wp-content\/uploads\/2021\/09\/logo-200x99.png 200w, https:\/\/lanochedelpatrimonio.com\/wp-content\/uploads\/2021\/09\/logo.png 202w\" sizes=\"(max-width: 800px) 100vw, 202px\" \/><\/a><\/span><\/div><div class=\"fusion-clearfix\"><\/div><\/div><\/div><div class=\"fusion-layout-column fusion_builder_column_inner fusion-builder-nested-column-12 fusion_builder_column_inner_1_5 1_5 fusion-one-fifth\" style=\"--awb-bg-size:cover;--awb-margin-top:10px;width:20%;width:calc(20% - ( ( 4% + 4% + 4% + 4% ) * 0.2 ) );margin-right: 4%;\"><div class=\"fusion-column-wrapper fusion-flex-column-wrapper-legacy\"><div class=\"fusion-image-element fusion-image-align-left in-legacy-container\" style=\"text-align:left;--awb-caption-title-font-family:var(--h2_typography-font-family);--awb-caption-title-font-weight:var(--h2_typography-font-weight);--awb-caption-title-font-style:var(--h2_typography-font-style);--awb-caption-title-size:var(--h2_typography-font-size);--awb-caption-title-transform:var(--h2_typography-text-transform);--awb-caption-title-line-height:var(--h2_typography-line-height);--awb-caption-title-letter-spacing:var(--h2_typography-letter-spacing);\"><span class=\" fusion-imageframe imageframe-none imageframe-13 hover-type-none\" style=\"margin-right:25px;float:left;\"><a class=\"fusion-no-lightbox\" href=\"https:\/\/feced.org\" target=\"_blank\" aria-label=\"feded\" rel=\"noopener noreferrer\"><img decoding=\"async\" width=\"204\" height=\"26\" src=\"https:\/\/lanochedelpatrimonio.com\/wp-content\/uploads\/2024\/07\/feded.png\" alt class=\"img-responsive wp-image-9440\" srcset=\"https:\/\/lanochedelpatrimonio.com\/wp-content\/uploads\/2024\/07\/feded-200x25.png 200w, https:\/\/lanochedelpatrimonio.com\/wp-content\/uploads\/2024\/07\/feded.png 204w\" sizes=\"(max-width: 800px) 100vw, 204px\" \/><\/a><\/span><\/div><div class=\"fusion-clearfix\"><\/div><\/div><\/div><div class=\"fusion-layout-column fusion_builder_column_inner fusion-builder-nested-column-13 fusion_builder_column_inner_1_5 1_5 fusion-one-fifth\" style=\"--awb-bg-size:cover;--awb-margin-top:10px;width:20%;width:calc(20% - ( ( 4% + 4% + 4% + 4% ) * 0.2 ) );margin-right: 4%;\"><div class=\"fusion-column-wrapper fusion-column-has-shadow fusion-flex-column-wrapper-legacy\"><div class=\"fusion-image-element fusion-image-align-left in-legacy-container\" style=\"text-align:left;--awb-caption-title-font-family:var(--h2_typography-font-family);--awb-caption-title-font-weight:var(--h2_typography-font-weight);--awb-caption-title-font-style:var(--h2_typography-font-style);--awb-caption-title-size:var(--h2_typography-font-size);--awb-caption-title-transform:var(--h2_typography-text-transform);--awb-caption-title-line-height:var(--h2_typography-line-height);--awb-caption-title-letter-spacing:var(--h2_typography-letter-spacing);\"><span class=\" fusion-imageframe imageframe-none imageframe-14 hover-type-none\" style=\"margin-right:25px;float:left;\"><a class=\"fusion-no-lightbox\" href=\"https:\/\/granerbcn.cat\" target=\"_blank\" aria-label=\"graner\" rel=\"noopener noreferrer\"><img decoding=\"async\" width=\"121\" height=\"39\" src=\"https:\/\/lanochedelpatrimonio.com\/wp-content\/uploads\/2024\/07\/graner.png\" alt class=\"img-responsive wp-image-9422\"\/><\/a><\/span><\/div><div class=\"fusion-clearfix\"><\/div><\/div><\/div><div class=\"fusion-layout-column fusion_builder_column_inner fusion-builder-nested-column-14 fusion_builder_column_inner_1_5 1_5 fusion-one-fifth\" style=\"--awb-bg-size:cover;--awb-margin-top:5px;width:20%;width:calc(20% - ( ( 4% + 4% + 4% + 4% ) * 0.2 ) );margin-right: 4%;\"><div class=\"fusion-column-wrapper fusion-column-has-shadow fusion-flex-column-wrapper-legacy\"><div class=\"fusion-image-element fusion-image-align-left in-legacy-container\" style=\"text-align:left;--awb-caption-title-font-family:var(--h2_typography-font-family);--awb-caption-title-font-weight:var(--h2_typography-font-weight);--awb-caption-title-font-style:var(--h2_typography-font-style);--awb-caption-title-size:var(--h2_typography-font-size);--awb-caption-title-transform:var(--h2_typography-text-transform);--awb-caption-title-line-height:var(--h2_typography-line-height);--awb-caption-title-letter-spacing:var(--h2_typography-letter-spacing);\"><span class=\" fusion-imageframe imageframe-none imageframe-15 hover-type-none\" style=\"margin-right:25px;float:left;\"><a class=\"fusion-no-lightbox\" href=\"https:\/\/www.barcelona.cat\/grec\/es\" target=\"_blank\" aria-label=\"grec\" rel=\"noopener noreferrer\"><img decoding=\"async\" width=\"136\" height=\"35\" src=\"https:\/\/lanochedelpatrimonio.com\/wp-content\/uploads\/2024\/07\/grec-1.png\" alt class=\"img-responsive wp-image-9428\"\/><\/a><\/span><\/div><div class=\"fusion-clearfix\"><\/div><\/div><\/div><div class=\"fusion-layout-column fusion_builder_column_inner fusion-builder-nested-column-15 fusion_builder_column_inner_1_5 1_5 fusion-one-fifth fusion-column-last\" style=\"--awb-padding-bottom:60px;--awb-bg-size:cover;--awb-margin-top:5px;width:20%;width:calc(20% - ( ( 4% + 4% + 4% + 4% ) * 0.2 ) );\"><div class=\"fusion-column-wrapper fusion-column-has-shadow fusion-flex-column-wrapper-legacy\"><div class=\"fusion-image-element fusion-image-align-left in-legacy-container\" style=\"text-align:left;--awb-max-width:120px;--awb-caption-title-font-family:var(--h2_typography-font-family);--awb-caption-title-font-weight:var(--h2_typography-font-weight);--awb-caption-title-font-style:var(--h2_typography-font-style);--awb-caption-title-size:var(--h2_typography-font-size);--awb-caption-title-transform:var(--h2_typography-text-transform);--awb-caption-title-line-height:var(--h2_typography-line-height);--awb-caption-title-letter-spacing:var(--h2_typography-letter-spacing);\"><span class=\" fusion-imageframe imageframe-none imageframe-16 hover-type-none\" style=\"margin-right:25px;float:left;\"><a class=\"fusion-no-lightbox\" href=\"https:\/\/www.lacaldera.info\/es\/lacaldera\" target=\"_blank\" aria-label=\"la-caldera\" rel=\"noopener noreferrer\"><img decoding=\"async\" width=\"136\" height=\"89\" src=\"https:\/\/lanochedelpatrimonio.com\/wp-content\/uploads\/2025\/07\/la-caldera.png\" alt class=\"img-responsive wp-image-11072\"\/><\/a><\/span><\/div><div class=\"fusion-clearfix\"><\/div><\/div><\/div><div class=\"fusion-layout-column fusion_builder_column_inner fusion-builder-nested-column-16 fusion_builder_column_inner_1_5 1_5 fusion-one-fifth fusion-column-first\" style=\"--awb-bg-size:cover;width:20%;width:calc(20% - ( ( 4% + 4% + 4% + 4% ) * 0.2 ) );margin-right: 4%;\"><div class=\"fusion-column-wrapper fusion-column-has-shadow fusion-flex-column-wrapper-legacy\"><div class=\"fusion-image-element fusion-image-align-left in-legacy-container\" style=\"text-align:left;--awb-max-width:180px;--awb-caption-title-font-family:var(--h2_typography-font-family);--awb-caption-title-font-weight:var(--h2_typography-font-weight);--awb-caption-title-font-style:var(--h2_typography-font-style);--awb-caption-title-size:var(--h2_typography-font-size);--awb-caption-title-transform:var(--h2_typography-text-transform);--awb-caption-title-line-height:var(--h2_typography-line-height);--awb-caption-title-letter-spacing:var(--h2_typography-letter-spacing);\"><span class=\" fusion-imageframe imageframe-none imageframe-17 hover-type-none\" style=\"margin-right:25px;float:left;\"><a class=\"fusion-no-lightbox\" href=\"https:\/\/firamediterrania.cat\/es\" target=\"_blank\" aria-label=\"fira.mediterranea.manresa\" rel=\"noopener noreferrer\"><img decoding=\"async\" width=\"157\" height=\"41\" src=\"https:\/\/lanochedelpatrimonio.com\/wp-content\/uploads\/2024\/07\/fira.mediterranea.manresa.png\" alt class=\"img-responsive wp-image-9435\"\/><\/a><\/span><\/div><div class=\"fusion-clearfix\"><\/div><\/div><\/div><div class=\"fusion-layout-column fusion_builder_column_inner fusion-builder-nested-column-17 fusion_builder_column_inner_1_5 1_5 fusion-one-fifth\" style=\"--awb-bg-size:cover;--awb-margin-top:5px;width:20%;width:calc(20% - ( ( 4% + 4% + 4% + 4% ) * 0.2 ) );margin-right: 4%;\"><div class=\"fusion-column-wrapper fusion-column-has-shadow fusion-flex-column-wrapper-legacy\"><div class=\"fusion-image-element fusion-image-align-left in-legacy-container\" style=\"text-align:left;--awb-max-width:100px;--awb-caption-title-font-family:var(--h2_typography-font-family);--awb-caption-title-font-weight:var(--h2_typography-font-weight);--awb-caption-title-font-style:var(--h2_typography-font-style);--awb-caption-title-size:var(--h2_typography-font-size);--awb-caption-title-transform:var(--h2_typography-text-transform);--awb-caption-title-line-height:var(--h2_typography-line-height);--awb-caption-title-letter-spacing:var(--h2_typography-letter-spacing);\"><span class=\" fusion-imageframe imageframe-none imageframe-18 hover-type-none\" style=\"margin-right:25px;float:left;\"><a class=\"fusion-no-lightbox\" href=\"https:\/\/laboratorioartesvivas.org\" target=\"_blank\" aria-label=\"alv-2\" rel=\"noopener noreferrer\"><img decoding=\"async\" width=\"136\" height=\"89\" src=\"https:\/\/lanochedelpatrimonio.com\/wp-content\/uploads\/2025\/07\/alv-2.png\" alt class=\"img-responsive wp-image-11083\"\/><\/a><\/span><\/div><div class=\"fusion-clearfix\"><\/div><\/div><\/div><div class=\"fusion-layout-column fusion_builder_column_inner fusion-builder-nested-column-18 fusion_builder_column_inner_1_5 1_5 fusion-one-fifth\" style=\"--awb-bg-size:cover;width:20%;width:calc(20% - ( ( 4% + 4% + 4% + 4% ) * 0.2 ) );margin-right: 4%;\"><div class=\"fusion-column-wrapper fusion-flex-column-wrapper-legacy\"><div class=\"fusion-image-element fusion-image-align-left in-legacy-container\" style=\"text-align:left;--awb-max-width:130px;--awb-caption-title-font-family:var(--h2_typography-font-family);--awb-caption-title-font-weight:var(--h2_typography-font-weight);--awb-caption-title-font-style:var(--h2_typography-font-style);--awb-caption-title-size:var(--h2_typography-font-size);--awb-caption-title-transform:var(--h2_typography-text-transform);--awb-caption-title-line-height:var(--h2_typography-line-height);--awb-caption-title-letter-spacing:var(--h2_typography-letter-spacing);\"><span class=\" fusion-imageframe imageframe-none imageframe-19 hover-type-none\" style=\"margin-right:25px;float:left;\"><a class=\"fusion-no-lightbox\" href=\"https:\/\/www.fuescyl.com\/esadcyl\" target=\"_blank\" aria-label=\"escuela.arte.dramatico.\" rel=\"noopener noreferrer\"><img decoding=\"async\" width=\"135\" height=\"51\" src=\"https:\/\/lanochedelpatrimonio.com\/wp-content\/uploads\/2024\/07\/escuela.arte_.dramatico.png\" alt class=\"img-responsive wp-image-9395\"\/><\/a><\/span><\/div><div class=\"fusion-clearfix\"><\/div><\/div><\/div><div class=\"fusion-layout-column fusion_builder_column_inner fusion-builder-nested-column-19 fusion_builder_column_inner_1_5 1_5 fusion-one-fifth\" style=\"--awb-bg-size:cover;width:20%;width:calc(20% - ( ( 4% + 4% + 4% + 4% ) * 0.2 ) );margin-right: 4%;\"><div class=\"fusion-column-wrapper fusion-column-has-shadow fusion-flex-column-wrapper-legacy\"><div class=\"fusion-image-element fusion-image-align-left in-legacy-container\" style=\"text-align:left;--awb-max-width:80px;--awb-caption-title-font-family:var(--h2_typography-font-family);--awb-caption-title-font-weight:var(--h2_typography-font-weight);--awb-caption-title-font-style:var(--h2_typography-font-style);--awb-caption-title-size:var(--h2_typography-font-size);--awb-caption-title-transform:var(--h2_typography-text-transform);--awb-caption-title-line-height:var(--h2_typography-line-height);--awb-caption-title-letter-spacing:var(--h2_typography-letter-spacing);\"><span class=\" fusion-imageframe imageframe-none imageframe-20 hover-type-none\" style=\"margin-right:25px;float:left;\"><a class=\"fusion-no-lightbox\" href=\"https:\/\/www.solodos.es\" target=\"_blank\" aria-label=\"residencias-ceramicas\" rel=\"noopener noreferrer\"><img decoding=\"async\" width=\"103\" height=\"111\" src=\"https:\/\/lanochedelpatrimonio.com\/wp-content\/uploads\/2025\/07\/residencias-ceramicas.png\" alt class=\"img-responsive wp-image-11089\"\/><\/a><\/span><\/div><div class=\"fusion-clearfix\"><\/div><\/div><\/div><div class=\"fusion-layout-column fusion_builder_column_inner fusion-builder-nested-column-20 fusion_builder_column_inner_1_5 1_5 fusion-one-fifth fusion-column-last\" style=\"--awb-bg-size:cover;width:20%;width:calc(20% - ( ( 4% + 4% + 4% + 4% ) * 0.2 ) );\"><div class=\"fusion-column-wrapper fusion-flex-column-wrapper-legacy\"><div class=\"fusion-clearfix\"><\/div><\/div><\/div><\/div><div class=\"fusion-sep-clear\"><\/div><div class=\"fusion-separator fusion-full-width-sep\" style=\"margin-left: auto;margin-right: auto;margin-top:10px;margin-bottom:10px;width:100%;\"><\/div><div class=\"fusion-sep-clear\"><\/div><div class=\"fusion-clearfix\"><\/div><\/div><\/div><\/div><\/div>\n<div class=\"fusion-fullwidth fullwidth-box fusion-builder-row-4 nonhundred-percent-fullwidth non-hundred-percent-height-scrolling fusion-no-medium-visibility fusion-no-large-visibility\" style=\"--awb-border-radius-top-left:0px;--awb-border-radius-top-right:0px;--awb-border-radius-bottom-right:0px;--awb-border-radius-bottom-left:0px;--awb-padding-right:10px;--awb-padding-left:10px;--awb-flex-wrap:wrap;\" ><div class=\"fusion-builder-row fusion-row\"><div class=\"fusion-layout-column fusion_builder_column fusion-builder-column-3 fusion_builder_column_1_1 1_1 fusion-one-full fusion-column-first fusion-column-last\" style=\"--awb-padding-top:20px;--awb-padding-right:10px;--awb-padding-left:10px;--awb-bg-size:cover;\"><div class=\"fusion-column-wrapper fusion-column-has-shadow fusion-flex-column-wrapper-legacy\"><div class=\"fusion-image-element in-legacy-container\" style=\"--awb-caption-title-font-family:var(--h2_typography-font-family);--awb-caption-title-font-weight:var(--h2_typography-font-weight);--awb-caption-title-font-style:var(--h2_typography-font-style);--awb-caption-title-size:var(--h2_typography-font-size);--awb-caption-title-transform:var(--h2_typography-text-transform);--awb-caption-title-line-height:var(--h2_typography-line-height);--awb-caption-title-letter-spacing:var(--h2_typography-letter-spacing);\"><span class=\" fusion-imageframe imageframe-none imageframe-21 hover-type-none\"><img decoding=\"async\" width=\"1384\" height=\"744\" title=\"Captura de pantalla 2025-07-10 a las 16.48.48\" src=\"https:\/\/lanochedelpatrimonio.com\/wp-content\/uploads\/2025\/07\/Captura-de-pantalla-2025-07-10-a-las-16.48.48.png\" alt class=\"img-responsive wp-image-11504\" srcset=\"https:\/\/lanochedelpatrimonio.com\/wp-content\/uploads\/2025\/07\/Captura-de-pantalla-2025-07-10-a-las-16.48.48-200x108.png 200w, https:\/\/lanochedelpatrimonio.com\/wp-content\/uploads\/2025\/07\/Captura-de-pantalla-2025-07-10-a-las-16.48.48-400x215.png 400w, https:\/\/lanochedelpatrimonio.com\/wp-content\/uploads\/2025\/07\/Captura-de-pantalla-2025-07-10-a-las-16.48.48-600x323.png 600w, https:\/\/lanochedelpatrimonio.com\/wp-content\/uploads\/2025\/07\/Captura-de-pantalla-2025-07-10-a-las-16.48.48-800x430.png 800w, https:\/\/lanochedelpatrimonio.com\/wp-content\/uploads\/2025\/07\/Captura-de-pantalla-2025-07-10-a-las-16.48.48-1200x645.png 1200w, https:\/\/lanochedelpatrimonio.com\/wp-content\/uploads\/2025\/07\/Captura-de-pantalla-2025-07-10-a-las-16.48.48.png 1384w\" sizes=\"(max-width: 800px) 100vw, 1384px\" \/><\/span><\/div><div class=\"fusion-clearfix\"><\/div><\/div><\/div><\/div><\/div>\n<\/p>\n","protected":false},"excerpt":{"rendered":"","protected":false},"author":1,"featured_media":11657,"comment_status":"open","ping_status":"open","sticky":false,"template":"","format":"standard","meta":{"_acf_changed":false,"footnotes":""},"categories":[24],"tags":[452,454],"class_list":["post-11741","post","type-post","status-publish","format-standard","has-post-thumbnail","hentry","category-uncategorized","tag-la-noche-en-en","tag-programa-santiago-en"],"acf":[],"yoast_head":"<!-- This site is optimized with the Yoast SEO plugin v25.3 - https:\/\/yoast.com\/wordpress\/plugins\/seo\/ -->\n<title>THE HERITAGE NIGHT IN SANTIAGO DE COMPOSTELA - La Noche del Patrimonio<\/title>\n<meta name=\"description\" content=\"Vive La Noche del Patrimonio en Santiago de Compostela, un evento cultural que se celebra de forma simult\u00e1nea en las 15 Ciudades Patrimonio de la Humanidad de Espa\u00f1a. Durante una sola noche al a\u00f1o, su centro hist\u00f3rico \u2014declarado Patrimonio Mundial por la UNESCO\u2014 se transforma en escenarios vivos donde confluyen el arte contempor\u00e1neo, la historia, la creatividad y la ciudadan\u00eda. 13 de septiembre de 2025.\" \/>\n<meta name=\"robots\" content=\"index, follow, max-snippet:-1, max-image-preview:large, max-video-preview:-1\" \/>\n<link rel=\"canonical\" href=\"https:\/\/lanochedelpatrimonio.com\/en\/la-noche-del-patrimonio-en-santiago\/\" \/>\n<meta property=\"og:locale\" content=\"en_US\" \/>\n<meta property=\"og:type\" content=\"article\" \/>\n<meta property=\"og:title\" content=\"THE HERITAGE NIGHT IN SANTIAGO DE COMPOSTELA - La Noche del Patrimonio\" \/>\n<meta property=\"og:description\" content=\"Vive La Noche del Patrimonio en Santiago de Compostela, un evento cultural que se celebra de forma simult\u00e1nea en las 15 Ciudades Patrimonio de la Humanidad de Espa\u00f1a. Durante una sola noche al a\u00f1o, su centro hist\u00f3rico \u2014declarado Patrimonio Mundial por la UNESCO\u2014 se transforma en escenarios vivos donde confluyen el arte contempor\u00e1neo, la historia, la creatividad y la ciudadan\u00eda. 13 de septiembre de 2025.\" \/>\n<meta property=\"og:url\" content=\"https:\/\/lanochedelpatrimonio.com\/en\/la-noche-del-patrimonio-en-santiago\/\" \/>\n<meta property=\"og:site_name\" content=\"La Noche del Patrimonio\" \/>\n<meta property=\"article:published_time\" content=\"2025-07-23T07:46:21+00:00\" \/>\n<meta property=\"article:modified_time\" content=\"2025-09-13T07:09:45+00:00\" \/>\n<meta property=\"og:image\" content=\"https:\/\/lanochedelpatrimonio.com\/wp-content\/uploads\/2025\/07\/santiago.webp\" \/>\n\t<meta property=\"og:image:width\" content=\"1400\" \/>\n\t<meta property=\"og:image:height\" content=\"777\" \/>\n\t<meta property=\"og:image:type\" content=\"image\/webp\" \/>\n<meta name=\"author\" content=\"admin\" \/>\n<meta name=\"twitter:card\" content=\"summary_large_image\" \/>\n<meta name=\"twitter:label1\" content=\"Written by\" \/>\n\t<meta name=\"twitter:data1\" content=\"admin\" \/>\n\t<meta name=\"twitter:label2\" content=\"Est. reading time\" \/>\n\t<meta name=\"twitter:data2\" content=\"7 minutes\" \/>\n<script type=\"application\/ld+json\" class=\"yoast-schema-graph\">{\"@context\":\"https:\/\/schema.org\",\"@graph\":[{\"@type\":\"WebPage\",\"@id\":\"https:\/\/lanochedelpatrimonio.com\/en\/la-noche-del-patrimonio-en-santiago\/\",\"url\":\"https:\/\/lanochedelpatrimonio.com\/en\/la-noche-del-patrimonio-en-santiago\/\",\"name\":\"THE HERITAGE NIGHT IN SANTIAGO DE COMPOSTELA - La Noche del Patrimonio\",\"isPartOf\":{\"@id\":\"https:\/\/lanochedelpatrimonio.com\/en\/#website\"},\"primaryImageOfPage\":{\"@id\":\"https:\/\/lanochedelpatrimonio.com\/en\/la-noche-del-patrimonio-en-santiago\/#primaryimage\"},\"image\":{\"@id\":\"https:\/\/lanochedelpatrimonio.com\/en\/la-noche-del-patrimonio-en-santiago\/#primaryimage\"},\"thumbnailUrl\":\"https:\/\/lanochedelpatrimonio.com\/wp-content\/uploads\/2025\/07\/santiago.webp\",\"datePublished\":\"2025-07-23T07:46:21+00:00\",\"dateModified\":\"2025-09-13T07:09:45+00:00\",\"author\":{\"@id\":\"https:\/\/lanochedelpatrimonio.com\/en\/#\/schema\/person\/67a7dc54f3006934907fdded361b6938\"},\"description\":\"Vive La Noche del Patrimonio en Santiago de Compostela, un evento cultural que se celebra de forma simult\u00e1nea en las 15 Ciudades Patrimonio de la Humanidad de Espa\u00f1a. Durante una sola noche al a\u00f1o, su centro hist\u00f3rico \u2014declarado Patrimonio Mundial por la UNESCO\u2014 se transforma en escenarios vivos donde confluyen el arte contempor\u00e1neo, la historia, la creatividad y la ciudadan\u00eda. 13 de septiembre de 2025.\",\"breadcrumb\":{\"@id\":\"https:\/\/lanochedelpatrimonio.com\/en\/la-noche-del-patrimonio-en-santiago\/#breadcrumb\"},\"inLanguage\":\"en-US\",\"potentialAction\":[{\"@type\":\"ReadAction\",\"target\":[\"https:\/\/lanochedelpatrimonio.com\/en\/la-noche-del-patrimonio-en-santiago\/\"]}]},{\"@type\":\"ImageObject\",\"inLanguage\":\"en-US\",\"@id\":\"https:\/\/lanochedelpatrimonio.com\/en\/la-noche-del-patrimonio-en-santiago\/#primaryimage\",\"url\":\"https:\/\/lanochedelpatrimonio.com\/wp-content\/uploads\/2025\/07\/santiago.webp\",\"contentUrl\":\"https:\/\/lanochedelpatrimonio.com\/wp-content\/uploads\/2025\/07\/santiago.webp\",\"width\":1400,\"height\":777},{\"@type\":\"BreadcrumbList\",\"@id\":\"https:\/\/lanochedelpatrimonio.com\/en\/la-noche-del-patrimonio-en-santiago\/#breadcrumb\",\"itemListElement\":[{\"@type\":\"ListItem\",\"position\":1,\"name\":\"Portada\",\"item\":\"https:\/\/lanochedelpatrimonio.com\/en\/\"},{\"@type\":\"ListItem\",\"position\":2,\"name\":\"THE HERITAGE NIGHT IN SANTIAGO DE COMPOSTELA\"}]},{\"@type\":\"WebSite\",\"@id\":\"https:\/\/lanochedelpatrimonio.com\/en\/#website\",\"url\":\"https:\/\/lanochedelpatrimonio.com\/en\/\",\"name\":\"La Noche del Patrimonio\",\"description\":\"Cultura y Patrimonio vivo en las 15 ciudades de la Humanidad de Espa\u00f1a\",\"potentialAction\":[{\"@type\":\"SearchAction\",\"target\":{\"@type\":\"EntryPoint\",\"urlTemplate\":\"https:\/\/lanochedelpatrimonio.com\/en\/?s={search_term_string}\"},\"query-input\":{\"@type\":\"PropertyValueSpecification\",\"valueRequired\":true,\"valueName\":\"search_term_string\"}}],\"inLanguage\":\"en-US\"},{\"@type\":\"Person\",\"@id\":\"https:\/\/lanochedelpatrimonio.com\/en\/#\/schema\/person\/67a7dc54f3006934907fdded361b6938\",\"name\":\"admin\",\"image\":{\"@type\":\"ImageObject\",\"inLanguage\":\"en-US\",\"@id\":\"https:\/\/lanochedelpatrimonio.com\/en\/#\/schema\/person\/image\/\",\"url\":\"https:\/\/secure.gravatar.com\/avatar\/d825f4e2fa8908e8fc5826ee24976f984bb664272c15c45ecf3f11b2d0d1dca7?s=96&d=mm&r=g\",\"contentUrl\":\"https:\/\/secure.gravatar.com\/avatar\/d825f4e2fa8908e8fc5826ee24976f984bb664272c15c45ecf3f11b2d0d1dca7?s=96&d=mm&r=g\",\"caption\":\"admin\"},\"sameAs\":[\"https:\/\/lanochedelpatrimonio.com\"],\"url\":\"https:\/\/lanochedelpatrimonio.com\/en\/author\/admin\/\"}]}<\/script>\n<!-- \/ Yoast SEO plugin. -->","yoast_head_json":{"title":"THE HERITAGE NIGHT IN SANTIAGO DE COMPOSTELA - La Noche del Patrimonio","description":"Vive La Noche del Patrimonio en Santiago de Compostela, un evento cultural que se celebra de forma simult\u00e1nea en las 15 Ciudades Patrimonio de la Humanidad de Espa\u00f1a. Durante una sola noche al a\u00f1o, su centro hist\u00f3rico \u2014declarado Patrimonio Mundial por la UNESCO\u2014 se transforma en escenarios vivos donde confluyen el arte contempor\u00e1neo, la historia, la creatividad y la ciudadan\u00eda. 13 de septiembre de 2025.","robots":{"index":"index","follow":"follow","max-snippet":"max-snippet:-1","max-image-preview":"max-image-preview:large","max-video-preview":"max-video-preview:-1"},"canonical":"https:\/\/lanochedelpatrimonio.com\/en\/la-noche-del-patrimonio-en-santiago\/","og_locale":"en_US","og_type":"article","og_title":"THE HERITAGE NIGHT IN SANTIAGO DE COMPOSTELA - La Noche del Patrimonio","og_description":"Vive La Noche del Patrimonio en Santiago de Compostela, un evento cultural que se celebra de forma simult\u00e1nea en las 15 Ciudades Patrimonio de la Humanidad de Espa\u00f1a. Durante una sola noche al a\u00f1o, su centro hist\u00f3rico \u2014declarado Patrimonio Mundial por la UNESCO\u2014 se transforma en escenarios vivos donde confluyen el arte contempor\u00e1neo, la historia, la creatividad y la ciudadan\u00eda. 13 de septiembre de 2025.","og_url":"https:\/\/lanochedelpatrimonio.com\/en\/la-noche-del-patrimonio-en-santiago\/","og_site_name":"La Noche del Patrimonio","article_published_time":"2025-07-23T07:46:21+00:00","article_modified_time":"2025-09-13T07:09:45+00:00","og_image":[{"width":1400,"height":777,"url":"https:\/\/lanochedelpatrimonio.com\/wp-content\/uploads\/2025\/07\/santiago.webp","type":"image\/webp"}],"author":"admin","twitter_card":"summary_large_image","twitter_misc":{"Written by":"admin","Est. reading time":"7 minutes"},"schema":{"@context":"https:\/\/schema.org","@graph":[{"@type":"WebPage","@id":"https:\/\/lanochedelpatrimonio.com\/en\/la-noche-del-patrimonio-en-santiago\/","url":"https:\/\/lanochedelpatrimonio.com\/en\/la-noche-del-patrimonio-en-santiago\/","name":"THE HERITAGE NIGHT IN SANTIAGO DE COMPOSTELA - La Noche del Patrimonio","isPartOf":{"@id":"https:\/\/lanochedelpatrimonio.com\/en\/#website"},"primaryImageOfPage":{"@id":"https:\/\/lanochedelpatrimonio.com\/en\/la-noche-del-patrimonio-en-santiago\/#primaryimage"},"image":{"@id":"https:\/\/lanochedelpatrimonio.com\/en\/la-noche-del-patrimonio-en-santiago\/#primaryimage"},"thumbnailUrl":"https:\/\/lanochedelpatrimonio.com\/wp-content\/uploads\/2025\/07\/santiago.webp","datePublished":"2025-07-23T07:46:21+00:00","dateModified":"2025-09-13T07:09:45+00:00","author":{"@id":"https:\/\/lanochedelpatrimonio.com\/en\/#\/schema\/person\/67a7dc54f3006934907fdded361b6938"},"description":"Vive La Noche del Patrimonio en Santiago de Compostela, un evento cultural que se celebra de forma simult\u00e1nea en las 15 Ciudades Patrimonio de la Humanidad de Espa\u00f1a. Durante una sola noche al a\u00f1o, su centro hist\u00f3rico \u2014declarado Patrimonio Mundial por la UNESCO\u2014 se transforma en escenarios vivos donde confluyen el arte contempor\u00e1neo, la historia, la creatividad y la ciudadan\u00eda. 13 de septiembre de 2025.","breadcrumb":{"@id":"https:\/\/lanochedelpatrimonio.com\/en\/la-noche-del-patrimonio-en-santiago\/#breadcrumb"},"inLanguage":"en-US","potentialAction":[{"@type":"ReadAction","target":["https:\/\/lanochedelpatrimonio.com\/en\/la-noche-del-patrimonio-en-santiago\/"]}]},{"@type":"ImageObject","inLanguage":"en-US","@id":"https:\/\/lanochedelpatrimonio.com\/en\/la-noche-del-patrimonio-en-santiago\/#primaryimage","url":"https:\/\/lanochedelpatrimonio.com\/wp-content\/uploads\/2025\/07\/santiago.webp","contentUrl":"https:\/\/lanochedelpatrimonio.com\/wp-content\/uploads\/2025\/07\/santiago.webp","width":1400,"height":777},{"@type":"BreadcrumbList","@id":"https:\/\/lanochedelpatrimonio.com\/en\/la-noche-del-patrimonio-en-santiago\/#breadcrumb","itemListElement":[{"@type":"ListItem","position":1,"name":"Portada","item":"https:\/\/lanochedelpatrimonio.com\/en\/"},{"@type":"ListItem","position":2,"name":"THE HERITAGE NIGHT IN SANTIAGO DE COMPOSTELA"}]},{"@type":"WebSite","@id":"https:\/\/lanochedelpatrimonio.com\/en\/#website","url":"https:\/\/lanochedelpatrimonio.com\/en\/","name":"La Noche del Patrimonio","description":"Cultura y Patrimonio vivo en las 15 ciudades de la Humanidad de Espa\u00f1a","potentialAction":[{"@type":"SearchAction","target":{"@type":"EntryPoint","urlTemplate":"https:\/\/lanochedelpatrimonio.com\/en\/?s={search_term_string}"},"query-input":{"@type":"PropertyValueSpecification","valueRequired":true,"valueName":"search_term_string"}}],"inLanguage":"en-US"},{"@type":"Person","@id":"https:\/\/lanochedelpatrimonio.com\/en\/#\/schema\/person\/67a7dc54f3006934907fdded361b6938","name":"admin","image":{"@type":"ImageObject","inLanguage":"en-US","@id":"https:\/\/lanochedelpatrimonio.com\/en\/#\/schema\/person\/image\/","url":"https:\/\/secure.gravatar.com\/avatar\/d825f4e2fa8908e8fc5826ee24976f984bb664272c15c45ecf3f11b2d0d1dca7?s=96&d=mm&r=g","contentUrl":"https:\/\/secure.gravatar.com\/avatar\/d825f4e2fa8908e8fc5826ee24976f984bb664272c15c45ecf3f11b2d0d1dca7?s=96&d=mm&r=g","caption":"admin"},"sameAs":["https:\/\/lanochedelpatrimonio.com"],"url":"https:\/\/lanochedelpatrimonio.com\/en\/author\/admin\/"}]}},"_links":{"self":[{"href":"https:\/\/lanochedelpatrimonio.com\/en\/wp-json\/wp\/v2\/posts\/11741","targetHints":{"allow":["GET"]}}],"collection":[{"href":"https:\/\/lanochedelpatrimonio.com\/en\/wp-json\/wp\/v2\/posts"}],"about":[{"href":"https:\/\/lanochedelpatrimonio.com\/en\/wp-json\/wp\/v2\/types\/post"}],"author":[{"embeddable":true,"href":"https:\/\/lanochedelpatrimonio.com\/en\/wp-json\/wp\/v2\/users\/1"}],"replies":[{"embeddable":true,"href":"https:\/\/lanochedelpatrimonio.com\/en\/wp-json\/wp\/v2\/comments?post=11741"}],"version-history":[{"count":9,"href":"https:\/\/lanochedelpatrimonio.com\/en\/wp-json\/wp\/v2\/posts\/11741\/revisions"}],"predecessor-version":[{"id":12673,"href":"https:\/\/lanochedelpatrimonio.com\/en\/wp-json\/wp\/v2\/posts\/11741\/revisions\/12673"}],"wp:featuredmedia":[{"embeddable":true,"href":"https:\/\/lanochedelpatrimonio.com\/en\/wp-json\/wp\/v2\/media\/11657"}],"wp:attachment":[{"href":"https:\/\/lanochedelpatrimonio.com\/en\/wp-json\/wp\/v2\/media?parent=11741"}],"wp:term":[{"taxonomy":"category","embeddable":true,"href":"https:\/\/lanochedelpatrimonio.com\/en\/wp-json\/wp\/v2\/categories?post=11741"},{"taxonomy":"post_tag","embeddable":true,"href":"https:\/\/lanochedelpatrimonio.com\/en\/wp-json\/wp\/v2\/tags?post=11741"}],"curies":[{"name":"wp","href":"https:\/\/api.w.org\/{rel}","templated":true}]}}